{"id":117,"date":"2024-01-05T08:00:00","date_gmt":"2024-01-05T08:00:00","guid":{"rendered":"https:\/\/www.gebzevolkswagenservisi.com\/index.php\/volkswagen-polo-arizalari.html"},"modified":"2026-04-29T00:07:06","modified_gmt":"2026-04-28T21:07:06","slug":"volkswagen-polo-arizalari","status":"publish","type":"post","link":"https:\/\/www.gebzevolkswagenservisi.com\/index.php\/volkswagen-polo-arizalari.html","title":{"rendered":"Volkswagen Polo Ar\u0131zalar\u0131: Sahiplerin En \u00c7ok Ya\u015fad\u0131\u011f\u0131 Sorunlar"},"content":{"rendered":"<h1><a href=\"https:\/\/www.gebzevolkswagenservisi.com\/\">Volkswagen<\/a> <a href=\"https:\/\/www.gebzevolkswagenservisi.com\/\">Polo<\/a> Ar\u0131zalar\u0131: Sahiplerin En \u00c7ok Ya\u015fad\u0131\u011f\u0131 Sorunlar<\/h1>\n<p>Volkswagen Polo, k\u00fc\u00e7\u00fck ama sa\u011flam yap\u0131s\u0131yla T\u00fcrkiye&#8217;de en \u00e7ok tercih edilen otomobiller aras\u0131nda yerini korumaktad\u0131r. 1.0 TSI, 1.2 TSI ve 1.4 TDI gibi \u00e7e\u015fitli motor se\u00e7enekleriyle piyasada bulunan Polo&#8217;nun farkl\u0131 nesilleri (6N, 9N, 6R, AW1) kendine \u00f6zg\u00fc ar\u0131za paternleri sergilemektedir. Bu yaz\u0131m\u0131zda Volkswagen Polo ar\u0131zalar\u0131, nedenleri ve \u00e7\u00f6z\u00fcm \u00f6nerileri ele al\u0131nmaktad\u0131r.<\/p>\n<h2>1. Volkswagen Polo 1.2 TSI <a href=\"https:\/\/www.gebzemercedesservisi.com.tr\/\">Motor<\/a> <a href=\"https:\/\/www.gebzemercedesservisi.com.tr\/\">Ar\u0131zalar\u0131<\/a><\/h2>\n<p>Volkswagen Polo 1.2 TSI ve 1.4 TSI motorlarda zamanlama zinciri ve gergi mekanizmas\u0131 ar\u0131zalar\u0131 s\u0131kl\u0131kla g\u00f6r\u00fclmektedir. So\u011fuk motorun \u00e7al\u0131\u015fmas\u0131yla birlikte gelen zincir sesi ya da motor kontrol lambas\u0131 bu ar\u0131zan\u0131n habercisidir. Zamanlama zinciri sorunu ge\u00e7 m\u00fcdahale edildi\u011finde motor i\u00e7i ciddi hasara yol a\u00e7abilir. Bu nedenle Polo 1.2 TSI sahipleri bu sesi duyar duymaz <a href=\"https:\/\/www.gebzevolkswagenservisi.com\/\">servise<\/a> ba\u015fvurmal\u0131d\u0131r.<\/p>\n<div id=\"attachment_75\" style=\"width: 160px\" class=\"wp-caption alignright\"><img loading=\"lazy\" decoding=\"async\" aria-describedby=\"caption-attachment-75\" class=\"size-thumbnail wp-image-75\" src=\"https:\/\/www.gebzevolkswagenservisi.com\/wp-content\/uploads\/2024\/02\/gebze-mercedes-servisi-2014-02-150x150.jpg\" alt=\"Gebze Volkswagen Servisi\" width=\"150\" height=\"150\" \/><p id=\"caption-attachment-75\" class=\"wp-caption-text\">Gebze Volkswagen <a href=\"https:\/\/www.gebzevolkswagenservisi.com\/\">Servisi<\/a><\/p><\/div>\n<h2>2. Polo&#8217;da DSG \u015eanz\u0131man Sorunlar\u0131<\/h2>\n<p>Volkswagen Polo DSG versiyonlar\u0131nda, \u00f6zellikle 7 ileri kuru kavramal\u0131 DSG&#8217;de d\u00fc\u015f\u00fck h\u0131zda sars\u0131nt\u0131 ve titre\u015fim \u015fik\u00e2yetleri olduk\u00e7a yayg\u0131nd\u0131r. \u015eanz\u0131man yaz\u0131l\u0131m\u0131 g\u00fcncellemesi ve mekatronik revizyonu bu sorunlar\u0131 \u00e7o\u011funlukla gidermektedir. DSG ya\u011f de\u011fi\u015fiminin zaman\u0131nda yap\u0131lmas\u0131 ar\u0131zan\u0131n \u00f6nlenmesinde kritik rol oynar. \u015eanz\u0131man sorunlar\u0131n\u0131 ihmal etmek \u00e7ok daha maliyetli ar\u0131zalara zemin haz\u0131rlar.<\/p>\n<h2>3. Polo&#8217;da <a href=\"https:\/\/www.gebzemercedesservisi.com.tr\/\">So\u011futma Sistemi<\/a> ve Termostat <a href=\"https:\/\/www.gebzemercedesservisi.com.tr\/\">Ar\u0131zas\u0131<\/a><\/h2>\n<p>Volkswagen Polo 1.2 ve 1.4 motorlar\u0131nda termostat ar\u0131zalar\u0131 s\u0131k g\u00f6r\u00fclmektedir. Is\u0131 g\u00f6stergesi normalin alt\u0131nda kal\u0131yorsa ya da kalorifer yeterince \u0131s\u0131tm\u0131yorsa termostat de\u011fi\u015fimi gerekebilir. Su pompas\u0131 da Polo&#8217;da dikkat edilmesi gereken par\u00e7alar aras\u0131ndad\u0131r. So\u011futma sistemi hava ka\u00e7aklar\u0131n\u0131n periyodik olarak kontrol edilmesi b\u00fcy\u00fck motor hasarlar\u0131n\u0131n \u00f6n\u00fcne ge\u00e7er.<\/p>\n<h2>4. <a href=\"https:\/\/www.gebzevolkswagenservisi.com\/\">Polo Elektrik<\/a> ve <a href=\"https:\/\/www.gebzevolkswagenservisi.com\/\">Kontak<\/a> <a href=\"https:\/\/www.gebzevolkswagenservisi.com\/\">Ar\u0131zalar\u0131<\/a><\/h2>\n<p>Volkswagen Polo sahiplerinin s\u0131k\u00e7a ya\u015fad\u0131\u011f\u0131 elektrik sorunlar\u0131n\u0131n ba\u015f\u0131nda pencere motoru ar\u0131zalar\u0131 gelmektedir. Cam d\u00fc\u015fmesi ya da cam\u0131n inmemesi durumunda \u00f6nce sigorta kutusu kontrol edilmeli, ard\u0131ndan cam motoru incelenmelidir. Bunun yan\u0131 s\u0131ra Polo&#8217;da yak\u0131t seviye sens\u00f6r\u00fc ar\u0131zalar\u0131 nedeniyle g\u00f6sterge yanl\u0131\u015f okuma yapabilmekte, bu da yak\u0131t t\u00fckenmesi riskini beraberinde getirmektedir.<\/p>\n<div id=\"attachment_17\" style=\"width: 160px\" class=\"wp-caption alignright\"><img loading=\"lazy\" decoding=\"async\" aria-describedby=\"caption-attachment-17\" class=\"size-thumbnail wp-image-17\" src=\"https:\/\/www.gebzevolkswagenservisi.com\/wp-content\/uploads\/2024\/02\/en_yakin_mercedes_servisi-150x150.jpg\" alt=\"Gebze Volkswagen Servisi\" width=\"150\" height=\"150\" \/><p id=\"caption-attachment-17\" class=\"wp-caption-text\">Gebze Volkswagen Servisi<\/p><\/div>\n<h2>5. <a href=\"https:\/\/www.gebzevolkswagenservisi.com\/\">Volkswagen<\/a> <a href=\"https:\/\/www.gebzemercedesservisi.com.tr\/\">Polo GTI Ar\u0131zalar\u0131<\/a><\/h2>\n<p>Volkswagen Polo GTI modellerinde 1.4 TSI twin-turbo motorun ikinci turbosu (kompres\u00f6r) zaman zaman sorun \u00e7\u0131karabilmektedir. Y\u00fcksek devirde g\u00fc\u00e7 d\u00fc\u015fmesi ya\u015fan\u0131yorsa turbo sistemi incelenmelidir. Polo GTI&#8217;\u0131n performans odakl\u0131 s\u00fcspansiyon sistemi de agresif kullan\u0131mda daha h\u0131zl\u0131 y\u0131pranma g\u00f6stermektedir; amortis\u00f6r ve yatak kontrol\u00fc ihmal edilmemelidir.<\/p>\n<h2><a href=\"https:\/\/www.gebzevolkswagenservisi.com\/\">Volkswagen Polo<\/a> \u0130\u00e7in Bak\u0131m Tavsiyeleri<\/h2>\n<p>Volkswagen Polo&#8217;nun sorunsuz \u00e7al\u0131\u015fmas\u0131 i\u00e7in zamanlama zinciri sesine dikkat edin, DSG ya\u011f\u0131n\u0131z\u0131 zaman\u0131nda de\u011fi\u015ftirin ve so\u011futma sistemi kontrollerini aksatmay\u0131n. Polo ar\u0131zalar\u0131 konusunda destek almak i\u00e7in uzman VW <a href=\"https:\/\/www.gebzevolkswagenservisi.com\/\">servis<\/a> lerine ba\u015fvurabilirsiniz.<\/p>\n","protected":false},"excerpt":{"rendered":"<p>Volkswagen Polo ar\u0131zalar\u0131: 1.2 TSI zamanlama zinciri, DSG \u015fanz\u0131man, so\u011futma sistemi ve elektrik sorunlar\u0131 hakk\u0131nda kapsaml\u0131 rehber. Polo sahipleri i\u00e7in \u00f6neriler.<\/p>\n","protected":false},"author":1,"featured_media":19,"comment_status":"open","ping_status":"open","sticky":false,"template":"","format":"standard","meta":{"footnotes":""},"categories":[],"tags":[],"yoast_head":"<!-- This site is optimized with the Yoast SEO Premium plugin v21.4 (Yoast SEO v22.0) - https:\/\/yoast.com\/wordpress\/plugins\/seo\/ -->\r\n<title>Volkswagen Polo Ar\u0131zalar\u0131 | +90 (532) 685 95 54<\/title>\r\n<meta name=\"description\" content=\"Volkswagen Polo ar\u0131zalar\u0131 rehberi: 1.2 TSI zamanlama zinciri, DSG \u015fanz\u0131man, so\u011futma ve elektrik sorunlar\u0131 ile \u00e7\u00f6z\u00fcm \u00f6nerileri.\" \/>\r\n<meta name=\"robots\" content=\"index, follow, max-snippet:-1, max-image-preview:large, max-video-preview:-1\" \/>\r\n<link rel=\"canonical\" href=\"https:\/\/www.gebzevolkswagenservisi.com\/index.php\/volkswagen-polo-arizalari.html\" \/>\r\n<meta property=\"og:locale\" content=\"tr_TR\" \/>\r\n<meta property=\"og:type\" content=\"article\" \/>\r\n<meta property=\"og:title\" content=\"Volkswagen Polo Ar\u0131zalar\u0131: Sahiplerin En \u00c7ok Ya\u015fad\u0131\u011f\u0131 Sorunlar\" \/>\r\n<meta property=\"og:description\" content=\"Volkswagen Polo ar\u0131zalar\u0131 rehberi: 1.2 TSI zamanlama zinciri, DSG \u015fanz\u0131man, so\u011futma ve elektrik sorunlar\u0131 ile \u00e7\u00f6z\u00fcm \u00f6nerileri.\" \/>\r\n<meta property=\"og:url\" content=\"https:\/\/www.gebzevolkswagenservisi.com\/index.php\/volkswagen-polo-arizalari.html\" \/>\r\n<meta property=\"og:site_name\" content=\"Gebze - Volkswagen Servis\" \/>\r\n<meta property=\"article:published_time\" content=\"2024-01-05T08:00:00+00:00\" \/>\r\n<meta property=\"article:modified_time\" content=\"2026-04-28T21:07:06+00:00\" \/>\r\n<meta property=\"og:image\" content=\"https:\/\/www.gebzevolkswagenservisi.com\/wp-content\/uploads\/2024\/02\/en_yakin_mercedes_servisi_gebze_2.jpg\" \/>\r\n\t<meta property=\"og:image:width\" content=\"1000\" \/>\r\n\t<meta property=\"og:image:height\" content=\"600\" \/>\r\n\t<meta property=\"og:image:type\" content=\"image\/jpeg\" \/>\r\n<meta name=\"author\" content=\"admin\" \/>\r\n<meta name=\"twitter:card\" content=\"summary_large_image\" \/>\r\n<meta name=\"twitter:label1\" content=\"Yazan:\" \/>\n\t<meta name=\"twitter:data1\" content=\"admin\" \/>\n\t<meta name=\"twitter:label2\" content=\"Tahmini okuma s\u00fcresi\" \/>\n\t<meta name=\"twitter:data2\" content=\"3 dakika\" \/>\r\n<script type=\"application\/ld+json\" class=\"yoast-schema-graph\">{\"@context\":\"https:\/\/schema.org\",\"@graph\":[{\"@type\":\"WebPage\",\"@id\":\"https:\/\/www.gebzevolkswagenservisi.com\/index.php\/volkswagen-polo-arizalari.html\",\"url\":\"https:\/\/www.gebzevolkswagenservisi.com\/index.php\/volkswagen-polo-arizalari.html\",\"name\":\"Volkswagen Polo Ar\u0131zalar\u0131 | +90 (532) 685 95 54\",\"isPartOf\":{\"@id\":\"https:\/\/www.gebzevolkswagenservisi.com\/#website\"},\"datePublished\":\"2024-01-05T08:00:00+00:00\",\"dateModified\":\"2026-04-28T21:07:06+00:00\",\"author\":{\"@id\":\"https:\/\/www.gebzevolkswagenservisi.com\/#\/schema\/person\/4b08dfbe1ff06f953b6b5d65911d19e7\"},\"description\":\"Volkswagen Polo ar\u0131zalar\u0131 rehberi: 1.2 TSI zamanlama zinciri, DSG \u015fanz\u0131man, so\u011futma ve elektrik sorunlar\u0131 ile \u00e7\u00f6z\u00fcm \u00f6nerileri.\",\"breadcrumb\":{\"@id\":\"https:\/\/www.gebzevolkswagenservisi.com\/index.php\/volkswagen-polo-arizalari.html#breadcrumb\"},\"inLanguage\":\"tr\",\"potentialAction\":[{\"@type\":\"ReadAction\",\"target\":[\"https:\/\/www.gebzevolkswagenservisi.com\/index.php\/volkswagen-polo-arizalari.html\"]}]},{\"@type\":\"BreadcrumbList\",\"@id\":\"https:\/\/www.gebzevolkswagenservisi.com\/index.php\/volkswagen-polo-arizalari.html#breadcrumb\",\"itemListElement\":[{\"@type\":\"ListItem\",\"position\":1,\"name\":\"Anasayfa\",\"item\":\"https:\/\/www.gebzemercedesservisi.com.tr\/\"},{\"@type\":\"ListItem\",\"position\":2,\"name\":\"Volkswagen Polo Ar\u0131zalar\u0131: Sahiplerin En \u00c7ok Ya\u015fad\u0131\u011f\u0131 Sorunlar\"}]},{\"@type\":\"WebSite\",\"@id\":\"https:\/\/www.gebzevolkswagenservisi.com\/#website\",\"url\":\"https:\/\/www.gebzevolkswagenservisi.com\/\",\"name\":\"Gebze - Volkswagen Servis\",\"description\":\"Gebze, Volkswagen, Servisi, Gebze Volkswagen Servisi, En Yak\u0131n Volkswagen Servisi\",\"potentialAction\":[{\"@type\":\"SearchAction\",\"target\":{\"@type\":\"EntryPoint\",\"urlTemplate\":\"https:\/\/www.gebzevolkswagenservisi.com\/?s={search_term_string}\"},\"query-input\":\"required name=search_term_string\"}],\"inLanguage\":\"tr\"},{\"@type\":\"Person\",\"@id\":\"https:\/\/www.gebzevolkswagenservisi.com\/#\/schema\/person\/4b08dfbe1ff06f953b6b5d65911d19e7\",\"name\":\"admin\",\"image\":{\"@type\":\"ImageObject\",\"inLanguage\":\"tr\",\"@id\":\"https:\/\/www.gebzevolkswagenservisi.com\/#\/schema\/person\/image\/\",\"url\":\"https:\/\/secure.gravatar.com\/avatar\/c2cb26953612e195a3bb0f517063c77d?s=96&d=mm&r=g\",\"contentUrl\":\"https:\/\/secure.gravatar.com\/avatar\/c2cb26953612e195a3bb0f517063c77d?s=96&d=mm&r=g\",\"caption\":\"admin\"},\"url\":\"https:\/\/www.gebzevolkswagenservisi.com\/index.php\/author\/admin\"}]}<\/script>\r\n<!-- \/ Yoast SEO Premium plugin. -->","yoast_head_json":{"title":"Volkswagen Polo Ar\u0131zalar\u0131 | +90 (532) 685 95 54","description":"Volkswagen Polo ar\u0131zalar\u0131 rehberi: 1.2 TSI zamanlama zinciri, DSG \u015fanz\u0131man, so\u011futma ve elektrik sorunlar\u0131 ile \u00e7\u00f6z\u00fcm \u00f6nerileri.","robots":{"index":"index","follow":"follow","max-snippet":"max-snippet:-1","max-image-preview":"max-image-preview:large","max-video-preview":"max-video-preview:-1"},"canonical":"https:\/\/www.gebzevolkswagenservisi.com\/index.php\/volkswagen-polo-arizalari.html","og_locale":"tr_TR","og_type":"article","og_title":"Volkswagen Polo Ar\u0131zalar\u0131: Sahiplerin En \u00c7ok Ya\u015fad\u0131\u011f\u0131 Sorunlar","og_description":"Volkswagen Polo ar\u0131zalar\u0131 rehberi: 1.2 TSI zamanlama zinciri, DSG \u015fanz\u0131man, so\u011futma ve elektrik sorunlar\u0131 ile \u00e7\u00f6z\u00fcm \u00f6nerileri.","og_url":"https:\/\/www.gebzevolkswagenservisi.com\/index.php\/volkswagen-polo-arizalari.html","og_site_name":"Gebze - Volkswagen Servis","article_published_time":"2024-01-05T08:00:00+00:00","article_modified_time":"2026-04-28T21:07:06+00:00","og_image":[{"width":1000,"height":600,"url":"https:\/\/www.gebzevolkswagenservisi.com\/wp-content\/uploads\/2024\/02\/en_yakin_mercedes_servisi_gebze_2.jpg","type":"image\/jpeg"}],"author":"admin","twitter_card":"summary_large_image","twitter_misc":{"Yazan:":"admin","Tahmini okuma s\u00fcresi":"3 dakika"},"schema":{"@context":"https:\/\/schema.org","@graph":[{"@type":"WebPage","@id":"https:\/\/www.gebzevolkswagenservisi.com\/index.php\/volkswagen-polo-arizalari.html","url":"https:\/\/www.gebzevolkswagenservisi.com\/index.php\/volkswagen-polo-arizalari.html","name":"Volkswagen Polo Ar\u0131zalar\u0131 | +90 (532) 685 95 54","isPartOf":{"@id":"https:\/\/www.gebzevolkswagenservisi.com\/#website"},"datePublished":"2024-01-05T08:00:00+00:00","dateModified":"2026-04-28T21:07:06+00:00","author":{"@id":"https:\/\/www.gebzevolkswagenservisi.com\/#\/schema\/person\/4b08dfbe1ff06f953b6b5d65911d19e7"},"description":"Volkswagen Polo ar\u0131zalar\u0131 rehberi: 1.2 TSI zamanlama zinciri, DSG \u015fanz\u0131man, so\u011futma ve elektrik sorunlar\u0131 ile \u00e7\u00f6z\u00fcm \u00f6nerileri.","breadcrumb":{"@id":"https:\/\/www.gebzevolkswagenservisi.com\/index.php\/volkswagen-polo-arizalari.html#breadcrumb"},"inLanguage":"tr","potentialAction":[{"@type":"ReadAction","target":["https:\/\/www.gebzevolkswagenservisi.com\/index.php\/volkswagen-polo-arizalari.html"]}]},{"@type":"BreadcrumbList","@id":"https:\/\/www.gebzevolkswagenservisi.com\/index.php\/volkswagen-polo-arizalari.html#breadcrumb","itemListElement":[{"@type":"ListItem","position":1,"name":"Anasayfa","item":"https:\/\/www.gebzemercedesservisi.com.tr\/"},{"@type":"ListItem","position":2,"name":"Volkswagen Polo Ar\u0131zalar\u0131: Sahiplerin En \u00c7ok Ya\u015fad\u0131\u011f\u0131 Sorunlar"}]},{"@type":"WebSite","@id":"https:\/\/www.gebzevolkswagenservisi.com\/#website","url":"https:\/\/www.gebzevolkswagenservisi.com\/","name":"Gebze - Volkswagen Servis","description":"Gebze, Volkswagen, Servisi, Gebze Volkswagen Servisi, En Yak\u0131n Volkswagen Servisi","potentialAction":[{"@type":"SearchAction","target":{"@type":"EntryPoint","urlTemplate":"https:\/\/www.gebzevolkswagenservisi.com\/?s={search_term_string}"},"query-input":"required name=search_term_string"}],"inLanguage":"tr"},{"@type":"Person","@id":"https:\/\/www.gebzevolkswagenservisi.com\/#\/schema\/person\/4b08dfbe1ff06f953b6b5d65911d19e7","name":"admin","image":{"@type":"ImageObject","inLanguage":"tr","@id":"https:\/\/www.gebzevolkswagenservisi.com\/#\/schema\/person\/image\/","url":"https:\/\/secure.gravatar.com\/avatar\/c2cb26953612e195a3bb0f517063c77d?s=96&d=mm&r=g","contentUrl":"https:\/\/secure.gravatar.com\/avatar\/c2cb26953612e195a3bb0f517063c77d?s=96&d=mm&r=g","caption":"admin"},"url":"https:\/\/www.gebzevolkswagenservisi.com\/index.php\/author\/admin"}]}},"_links":{"self":[{"href":"https:\/\/www.gebzevolkswagenservisi.com\/index.php\/wp-json\/wp\/v2\/posts\/117"}],"collection":[{"href":"https:\/\/www.gebzevolkswagenservisi.com\/index.php\/wp-json\/wp\/v2\/posts"}],"about":[{"href":"https:\/\/www.gebzevolkswagenservisi.com\/index.php\/wp-json\/wp\/v2\/types\/post"}],"author":[{"embeddable":true,"href":"https:\/\/www.gebzevolkswagenservisi.com\/index.php\/wp-json\/wp\/v2\/users\/1"}],"replies":[{"embeddable":true,"href":"https:\/\/www.gebzevolkswagenservisi.com\/index.php\/wp-json\/wp\/v2\/comments?post=117"}],"version-history":[{"count":2,"href":"https:\/\/www.gebzevolkswagenservisi.com\/index.php\/wp-json\/wp\/v2\/posts\/117\/revisions"}],"predecessor-version":[{"id":144,"href":"https:\/\/www.gebzevolkswagenservisi.com\/index.php\/wp-json\/wp\/v2\/posts\/117\/revisions\/144"}],"wp:featuredmedia":[{"embeddable":true,"href":"https:\/\/www.gebzevolkswagenservisi.com\/index.php\/wp-json\/wp\/v2\/media\/19"}],"wp:attachment":[{"href":"https:\/\/www.gebzevolkswagenservisi.com\/index.php\/wp-json\/wp\/v2\/media?parent=117"}],"wp:term":[{"taxonomy":"category","embeddable":true,"href":"https:\/\/www.gebzevolkswagenservisi.com\/index.php\/wp-json\/wp\/v2\/categories?post=117"},{"taxonomy":"post_tag","embeddable":true,"href":"https:\/\/www.gebzevolkswagenservisi.com\/index.php\/wp-json\/wp\/v2\/tags?post=117"}],"curies":[{"name":"wp","href":"https:\/\/api.w.org\/{rel}","templated":true}]}}